[{"@context":"https:\/\/schema.org\/","@type":"Article","@id":"https:\/\/www.ostosest.cz\/vestavene-skrine-na-miru-ktere-setri-vase-prostory\/#Article","mainEntityOfPage":"https:\/\/www.ostosest.cz\/vestavene-skrine-na-miru-ktere-setri-vase-prostory\/","headline":"Vestav\u011bn\u00e9 sk\u0159\u00edn\u011b na m\u00edru, kter\u00e9 \u0161et\u0159\u00ed va\u0161e prostory","name":"Vestav\u011bn\u00e9 sk\u0159\u00edn\u011b na m\u00edru, kter\u00e9 \u0161et\u0159\u00ed va\u0161e prostory","description":"Neradi se vzd\u00e1v\u00e1te r\u016fzn\u00fdch v\u011bc\u00ed, a\u0165 u\u017e jde o oble\u010den\u00ed, knihy nebo jin\u00e9 p\u0159edm\u011bty? Kam ov\u0161em m\u00e1te po\u0159\u00e1d v\u0161echny ty v\u011bci d\u00e1vat, obzvl\u00e1\u0161t\u011b pokud bydl\u00edte je\u0161t\u011b spole\u010dn\u011b s va\u0161imi d\u011btmi <a href=\"https:\/\/www.ostosest.cz\/vestavene-skrine-na-miru-ktere-setri-vase-prostory\/\" class=\"btn btn-link continue-link\">P\u0159e\u010d\u00edst<\/a>","datePublished":"2018-01-23","dateModified":"2023-06-09","author":{"@type":"Person","@id":"https:\/\/www.ostosest.cz\/author\/#Person","name":"","url":"https:\/\/www.ostosest.cz\/author\/","identifier":1,"image":{"@type":"ImageObject","@id":"https:\/\/secure.gravatar.com\/avatar\/0c4621640b5c0734669aeb181ef77969b528487727344f28e734a206566ea0f1?s=96&d=mm&r=g","url":"https:\/\/secure.gravatar.com\/avatar\/0c4621640b5c0734669aeb181ef77969b528487727344f28e734a206566ea0f1?s=96&d=mm&r=g","height":96,"width":96}},"publisher":{"@type":"Organization","name":"ostosest.cz","logo":{"@type":"ImageObject","@id":"\/logo.png","url":"\/logo.png","width":600,"height":60}},"image":{"@type":"ImageObject","@id":"https:\/\/www.ostosest.cz\/wp-content\/uploads\/img_a309447_w2229_t1520357294.jpg","url":"https:\/\/www.ostosest.cz\/wp-content\/uploads\/img_a309447_w2229_t1520357294.jpg","height":0,"width":0},"url":"https:\/\/www.ostosest.cz\/vestavene-skrine-na-miru-ktere-setri-vase-prostory\/","about":["Ekonomika"],"wordCount":425,"articleBody":"Neradi se vzd\u00e1v\u00e1te r\u016fzn\u00fdch v\u011bc\u00ed, a\u0165 u\u017e jde o oble\u010den\u00ed, knihy nebo jin\u00e9 p\u0159edm\u011bty? Kam ov\u0161em m\u00e1te po\u0159\u00e1d v\u0161echny ty v\u011bci d\u00e1vat, obzvl\u00e1\u0161t\u011b pokud bydl\u00edte je\u0161t\u011b spole\u010dn\u011b s va\u0161imi d\u011btmi nebo v mal\u00fdch prostorech? \u00dalo\u017en\u00e9 prostory m\u016f\u017eete vy\u0159e\u0161it velice hrav\u011b, a to ne na \u00fakor voln\u00e9ho prostoru u v\u00e1s doma. V\u011b\u0159te nebo ne, ale jde to. Sta\u010d\u00ed jen obr\u00e1tit na prof\u00edky, kte\u0159\u00ed si s prostorem u v\u00e1s doma porad\u00ed a vyrob\u00ed v\u00e1m na m\u00edru vestav\u011bn\u00e9 sk\u0159\u00edn\u011b praha.&#13; &#13; &#13; &#13; Tyto chyt\u0159e \u0159e\u0161en\u00e9 \u00falo\u017en\u00e9 prostory ocen\u00ed cel\u00e1 va\u0161e rodina. Je to ide\u00e1ln\u00ed \u0159e\u0161en\u00ed nap\u0159\u00edklad pro oble\u010den\u00ed cel\u00e9 va\u0161\u00ed rodiny, ale i pro dal\u0161\u00ed v\u011bci. Prostor uvnit\u0159 je velice chyt\u0159e \u0159e\u0161en\u00fd tak, aby bylo dokonale vyu\u017eito ka\u017ed\u00e9 voln\u00e9 m\u00edsto. Nechte si jednodu\u0161e zpracovat n\u00e1vrh od architekta nebo si ho vymyslete sami, to je na v\u00e1s.&#13; &#13; Praktick\u00e9 \u0159e\u0161en\u00ed pro ka\u017ed\u00fd byt i d\u016fm&#13; Toto praktick\u00e9 \u0159e\u0161en\u00ed ocen\u00edte jak v byt\u011b, tak i v rodinn\u00e9m dom\u011b, zkr\u00e1tka v\u0161ude tam, kde je nouze o \u00falo\u017en\u00e9 prostory a kde nechcete polovinu m\u00edstnosti zapl\u00e1cnout n\u00e1bytkem. Vy\u0159e\u0161te va\u0161e \u00falo\u017en\u00e9 prostory chyt\u0159e a \u00fasporn\u011b.&#13; &#13; RYCHL\u00c1 V\u00ddROBA&#13; Na va\u0161e nov\u00e9 vestav\u011bn\u00e9 sk\u0159\u00edn\u011b vyroben\u00e9 na m\u00edru nemus\u00edte \u010dekat dlouh\u00e9 t\u00fddny. Za p\u00e1r dn\u016f je m\u00e1te hotov\u00e9 a namontovan\u00e9 p\u0159\u00edmo u v\u00e1s doma a m\u016f\u017eete si tak ji\u017e brzy po objedn\u00e1n\u00ed za\u010d\u00edt u\u017e\u00edvat nov\u00fdch a praktick\u00fdch \u00falo\u017en\u00fdch prostor\u016f naplno. Vyberte si ze spousty barev a dekor\u016f to nejlep\u0161\u00ed proveden\u00ed, kter\u00e9 se bude hodit k v\u00e1m dom\u016f.&#13; &#13; &#13; &#13; Kvalitn\u00ed proveden\u00ed a dlouholet\u00e1 z\u00e1ruka&#13; U na\u0161ich vestav\u011bn\u00fdch sk\u0159\u00edn\u00ed se m\u016f\u017eete spolehnout na vysokou kvalitu proveden\u00ed. Z\u00e1rove\u0148 v\u00e1m tak\u00e9 poskytneme dlouholetou z\u00e1ruku na syst\u00e9m, a to v d\u00e9lce 5 let.&#13; Bydlete ji\u017e brzy l\u00e9pe s nov\u00fdmi a praktick\u00fdmi \u00falo\u017en\u00fdmi prostory, kter\u00e9 v\u00e1m usnadn\u00ed ka\u017ed\u00fd den. Po\u0159i\u010fte si k v\u00e1m dom\u016f nov\u00e9 vestav\u011bn\u00e9 sk\u0159\u00edn\u011b, na kter\u00e9 je spolehnut\u00ed a kter\u00e9 si velice rychle obl\u00edb\u00edte pro jejich prakti\u010dnost, modern\u00ed design a chytr\u00e9 \u0159e\u0161en\u00ed \u00falo\u017en\u00fdch syst\u00e9m\u016f.&#13;                                                                                                                                                                                                                                                                                                                                                                                         4.3\/5 - (11 votes)        "},{"@context":"https:\/\/schema.org\/","@type":"BreadcrumbList","itemListElement":[{"@type":"ListItem","position":1,"name":"Vestav\u011bn\u00e9 sk\u0159\u00edn\u011b na m\u00edru, kter\u00e9 \u0161et\u0159\u00ed va\u0161e prostory","item":"https:\/\/www.ostosest.cz\/vestavene-skrine-na-miru-ktere-setri-vase-prostory\/#breadcrumbitem"}]}]