[{"@context":"https:\/\/schema.org\/","@type":"Article","@id":"https:\/\/www.ostosest.cz\/proc-si-objednat-stehovaky-v-cervnu\/#Article","mainEntityOfPage":"https:\/\/www.ostosest.cz\/proc-si-objednat-stehovaky-v-cervnu\/","headline":"Pro\u010d si objednat st\u011bhov\u00e1ky v \u010dervnu","name":"Pro\u010d si objednat st\u011bhov\u00e1ky v \u010dervnu","description":"Chyst\u00e1te se v del\u0161\u00edm \u010dasov\u00e9m horizontu ke st\u011bhov\u00e1n\u00ed v Praze t\u0159\u00edpokojov\u00e9ho m\u011bstsk\u00e9ho bytu nebo rodinn\u00e9ho domu a p\u016fjde o akci v\u011bt\u0161\u00edho rozsahu, kter\u00e1 ji\u017e vy\u017eaduje objedn\u00e1vku st\u011bhovac\u00ed firmy? A chcete <a href=\"https:\/\/www.ostosest.cz\/proc-si-objednat-stehovaky-v-cervnu\/\" class=\"btn btn-link continue-link\">P\u0159e\u010d\u00edst<\/a>","datePublished":"2025-08-13","dateModified":"2025-08-13","author":{"@type":"Person","@id":"https:\/\/www.ostosest.cz\/author\/#Person","name":"","url":"https:\/\/www.ostosest.cz\/author\/","identifier":1,"image":{"@type":"ImageObject","@id":"https:\/\/secure.gravatar.com\/avatar\/0c4621640b5c0734669aeb181ef77969b528487727344f28e734a206566ea0f1?s=96&d=mm&r=g","url":"https:\/\/secure.gravatar.com\/avatar\/0c4621640b5c0734669aeb181ef77969b528487727344f28e734a206566ea0f1?s=96&d=mm&r=g","height":96,"width":96}},"publisher":{"@type":"Organization","name":"ostosest.cz","logo":{"@type":"ImageObject","@id":"\/logo.png","url":"\/logo.png","width":600,"height":60}},"image":{"@type":"ImageObject","@id":"https:\/\/www.ostosest.cz\/wp-content\/uploads\/woman-1461619_640_1.jpg","url":"https:\/\/www.ostosest.cz\/wp-content\/uploads\/woman-1461619_640_1.jpg","height":0,"width":0},"url":"https:\/\/www.ostosest.cz\/proc-si-objednat-stehovaky-v-cervnu\/","about":["Business"],"wordCount":431,"articleBody":"        Chyst\u00e1te se v del\u0161\u00edm \u010dasov\u00e9m horizontu ke st\u011bhov\u00e1n\u00ed v Praze t\u0159\u00edpokojov\u00e9ho m\u011bstsk\u00e9ho bytu nebo rodinn\u00e9ho domu a p\u016fjde o akci v\u011bt\u0161\u00edho rozsahu, kter\u00e1 ji\u017e vy\u017eaduje objedn\u00e1vku st\u011bhovac\u00ed firmy? A chcete si usnadnit n\u00e1mahu a zbyte\u010dn\u00e9 starosti? Pak bychom v\u00e1m mohli doporu\u010dit uskute\u010dnit st\u011bhov\u00e1n\u00ed v m\u011bs\u00edci \u010dervnu. Pro\u010d up\u0159ednostnit pr\u00e1v\u011b \u010derven?Ni\u017e\u0161\u00ed pravd\u011bpodobnost letn\u00edch trop\u016f \u2013 nejvy\u0161\u0161\u00ed pravd\u011bpodobnost nep\u0159\u00edjemn\u00fdch letn\u00edch veder, kter\u00e1 v\u00e1s budou sp\u00ed\u0161e t\u00e1hnout na koupali\u0161t\u011b ne\u017e do st\u011bhovac\u00edho vozu, je v m\u011bs\u00edci srpnu. V \u010dervnu a \u010dervenci mohou tak\u00e9 tropy ude\u0159it, ale srpen je v tomto sm\u011bru hor\u0161\u00ed. Naopak se m\u016f\u017ee st\u00e1t, \u017ee v\u00e1mi objednan\u00e9 st\u011bhov\u00e1n\u00ed v \u010dervnu bude naprosto pohodov\u00e9 s p\u0159\u00edjemn\u00fdmi letn\u00edmi teplotami kolem 24 stup\u0148\u016f Celsia.Letn\u00ed slunovrat \u2013 zna\u010dnou https:\/\/www.zakonyprolidi.cz\/cs\/2012-342  v\u00fdhodou m\u011bs\u00edce \u010dervna je d\u00e9lka slune\u010dn\u00edho svitu. Slunce se na obloze pohybuje po dobu cca \u0161estn\u00e1cti hodin a to pak vysloven\u011b l\u00e1k\u00e1 k n\u011bjak\u00e9 aktivit\u011b. M\u016f\u017eete d\u00edky tomu d\u0159\u00edve vst\u00e1vat a ve\u010der tak\u00e9 pozd\u011bji ulehat k sp\u00e1nku. Letn\u00edho slunovratu lze pak tak\u00e9 vyu\u017e\u00edt k vybalov\u00e1n\u00ed v\u011bc\u00ed na nov\u00e9m p\u016fsobi\u0161ti, k p\u0159em\u00eds\u0165ov\u00e1n\u00ed n\u00e1bytku a celkov\u011b k zabydlov\u00e1n\u00ed v nezn\u00e1m\u00e9m prost\u0159ed\u00ed. M\u016f\u017ee v\u00e1s to i v\u00edce t\u00e1hnout ven na proch\u00e1zky nebo na proj\u00ed\u017e\u010fky na kole, kter\u00e9 p\u0159ijdou po p\u0159est\u011bhov\u00e1n\u00ed vhod.Doba dovolen\u00fdch \u2013 \u010derven, \u010dervenec a srpen jsou m\u011bs\u00edce, kdy si ji\u017e pl\u00e1nujeme letn\u00ed dovolenou, a toho lze tak\u00e9 vyu\u017e\u00edt p\u0159i st\u011bhov\u00e1n\u00ed. M\u016f\u017eete si st\u011bhovac\u00ed proces prot\u00e1hnout na v\u011bt\u0161\u00ed po\u010det voln\u00fdch dn\u016f a spojit jej s pobytem u vody, na hor\u00e1ch \u010di na jin\u00fdch vhodn\u00fdch m\u00edstech. V\u00edce \u010dasu na st\u011bhovac\u00ed proces v\u00e1m pak m\u016f\u017ee b\u00fdt p\u0159\u00ednosn\u00e9 pro eliminaci stresu a \u010d\u00edm v\u00edce prob\u011bhne p\u0159em\u00edst\u011bn\u00ed va\u0161eho bytov\u00e9ho vybaven\u00ed v poklidu, t\u00edm m\u00e9n\u011b starost\u00ed a zdravotn\u00edch komplikac\u00ed v\u00e1s pak \u010dek\u00e1 v nadch\u00e1zej\u00edc\u00edm obdob\u00ed. Cht\u00edt zkr\u00e1tka v\u0161echno stihnout b\u011bhem jedin\u00e9ho v\u00edkendu je po\u0161etil\u00e9 a zbyte\u010dn\u011b stresuj\u00edc\u00ed.                                                                                                                                                                                                                                                                                                                                                                                           5\/5 - (3 votes)        "},{"@context":"https:\/\/schema.org\/","@type":"BreadcrumbList","itemListElement":[{"@type":"ListItem","position":1,"name":"Pro\u010d si objednat st\u011bhov\u00e1ky v \u010dervnu","item":"https:\/\/www.ostosest.cz\/proc-si-objednat-stehovaky-v-cervnu\/#breadcrumbitem"}]}]