[{"@context":"https:\/\/schema.org\/","@type":"Article","@id":"https:\/\/www.ostosest.cz\/o-jakem-miste-je-rec\/#Article","mainEntityOfPage":"https:\/\/www.ostosest.cz\/o-jakem-miste-je-rec\/","headline":"O jak\u00e9m m\u00edst\u011b je \u0159e\u010d?","name":"O jak\u00e9m m\u00edst\u011b je \u0159e\u010d?","description":"M\u00edsto, kde se to inspirac\u00ed pro dekoraci francouzsk\u00e9 zahrady jen hem\u017e\u00ed, se jmenuje Versailles. Z\u00e1mek a zahrady kr\u00e1le slunce pobl\u00ed\u017e Pa\u0159\u00ed\u017ee jsou a byli inspirac\u00ed nejen pro zahradn\u00edky, ale i <a href=\"https:\/\/www.ostosest.cz\/o-jakem-miste-je-rec\/\" class=\"btn btn-link continue-link\">P\u0159e\u010d\u00edst<\/a>","datePublished":"2020-01-18","dateModified":"2023-06-09","author":{"@type":"Person","@id":"https:\/\/www.ostosest.cz\/author\/#Person","name":"","url":"https:\/\/www.ostosest.cz\/author\/","identifier":1,"image":{"@type":"ImageObject","@id":"https:\/\/secure.gravatar.com\/avatar\/0c4621640b5c0734669aeb181ef77969b528487727344f28e734a206566ea0f1?s=96&d=mm&r=g","url":"https:\/\/secure.gravatar.com\/avatar\/0c4621640b5c0734669aeb181ef77969b528487727344f28e734a206566ea0f1?s=96&d=mm&r=g","height":96,"width":96}},"publisher":{"@type":"Organization","name":"ostosest.cz","logo":{"@type":"ImageObject","@id":"\/logo.png","url":"\/logo.png","width":600,"height":60}},"image":{"@type":"ImageObject","@id":"https:\/\/www.ostosest.cz\/wp-content\/uploads\/img_a369520_w4226_t1581611703.jpg","url":"https:\/\/www.ostosest.cz\/wp-content\/uploads\/img_a369520_w4226_t1581611703.jpg","height":0,"width":0},"url":"https:\/\/www.ostosest.cz\/o-jakem-miste-je-rec\/","about":["Zahrada a d\u016fm"],"wordCount":617,"articleBody":"M\u00edsto, kde se to inspirac\u00ed pro dekoraci francouzsk\u00e9 zahrady jen hem\u017e\u00ed, se jmenuje Versailles. Z\u00e1mek a zahrady kr\u00e1le slunce pobl\u00ed\u017e Pa\u0159\u00ed\u017ee jsou a byli inspirac\u00ed nejen pro zahradn\u00edky, ale i pro mnoho panovn\u00edk\u016f, kte\u0159\u00ed se sna\u017eili ze v\u0161ech sil napodobit kr\u00e1su z\u00e1mku ve Versailles.\t\tCo jsou Versailles?\tZ\u00e1mek ve Versailles se nach\u00e1z\u00ed \u0161est kilometr\u016f jihoz\u00e1padn\u011b od hlavn\u00edho m\u011bsta Francie, Pa\u0159\u00ed\u017ee, u stejnojmenn\u00e9ho m\u011bsta a jedn\u00e1 se o nejv\u011bt\u0161\u00ed pal\u00e1cov\u00fd komplex v&nbsp;z\u00e1padn\u00ed Evrop\u011b s&nbsp;parkem o celkov\u00e9 rozloze 7 kilometr\u016f \u010dtvere\u010dn\u00fdch. Zalo\u017een byl v&nbsp;roce 1624 francouzsk\u00fdm kr\u00e1lem Ludv\u00edkem XII. z&nbsp;rodu Bourbon\u016f, kter\u00fd si zde vystav\u011bl loveck\u00fd z\u00e1me\u010dek, kam si jezdil odpo\u010dinout od n\u00e1ro\u010dn\u00e9ho dvora, kter\u00fd s\u00eddlil v&nbsp;pal\u00e1ci Louvre v&nbsp;centru Pa\u0159\u00ed\u017ee. Hlavn\u00ed stavebn\u00ed \u00fapravy v\u0161ak p\u0159i\u0161ly a\u017e s&nbsp;jeho synem, Ludv\u00edkem XIV., kter\u00fd p\u0159estav\u011bl z\u00e1me\u010dek na pal\u00e1c, jeho\u017e kr\u00e1sa ohromila, a st\u00e1le ohromuje, v\u0161echny n\u00e1v\u0161t\u011bvn\u00edky od konce sedmn\u00e1ct\u00e9ho stolet\u00ed do dne\u0161n\u00edch dob. Ludv\u00edk XIV. p\u0159etransformoval s\u00eddlo sv\u00e9ho otce na p\u0159ekr\u00e1sn\u00fd pal\u00e1c s&nbsp;n\u00e1dhern\u00fdmi zahradami.\t\t\u010c\u00edm z\u00e1mek disponuje?\tZ\u00e1mek v&nbsp;dne\u0161n\u00edch dob\u00e1ch nab\u00edz\u00ed sv\u00fdm n\u00e1v\u0161t\u011bvn\u00edk\u016fm mnoho \u00fachvatn\u00e9ho k&nbsp;vid\u011bn\u00ed. Prohl\u00e9dnout si m\u016f\u017eete nap\u0159\u00edklad zn\u00e1m\u00fd zrcadlov\u00fd s\u00e1l, lo\u017enici Ludv\u00edka XIV., ale i pal\u00e1cov\u00e9 zahrady. Nane\u0161t\u011bst\u00ed pro n\u00e1v\u0161t\u011bvn\u00edky a milovn\u00edky historie Versailles dnes st\u00e1le vyu\u017e\u00edv\u00e1 francouzsk\u00e1 vl\u00e1da k&nbsp;r\u016fzn\u00fdm konferenc\u00edm, p\u0159ij\u00edm\u00e1 zde zahrani\u010dn\u00ed n\u00e1v\u0161t\u011bvy a uzav\u00edr\u00e1 tu d\u016fle\u017eit\u00e9 politick\u00e9 smlouvy, jako nap\u0159\u00edklad m\u00edrovou dohodu z&nbsp;roku 1918, je\u017e znamenala konec prvn\u00ed sv\u011btov\u00e9 v\u00e1lky. V\u011bt\u0161ina komplexu je dnes bohu\u017eel b\u011b\u017en\u00fdm n\u00e1v\u0161t\u011bvn\u00edk\u016fm nep\u0159\u00edstupn\u00e1. Na druhou stranu se n\u00e1v\u0161t\u011bvn\u00edci mohou vydat na proch\u00e1zku zahradami, je\u017e skr\u00fdvaj\u00ed mnoh\u00e1 kr\u00e1sn\u00e1 m\u00edsta, kde naleznou n\u00e1v\u0161t\u011bvn\u00edci klid od dav\u016f na n\u00e1dvo\u0159\u00ed.\t&nbsp;\tCo se nach\u00e1z\u00ed v&nbsp;z\u00e1meck\u00e9m parku?\tZ\u00e1meck\u00fd park opl\u00fdv\u00e1 neb\u00fdvalou kr\u00e1sou a ok\u00e1zalost\u00ed. Je typick\u00fdm p\u0159\u00edkladem klasicistick\u00e9ho um\u011bn\u00ed zahradni\u010den\u00ed. Ka\u017ed\u00e1 kv\u011btina m\u00e1 sv\u00e9 m\u00edsto, je\u017e je ur\u010deno jej\u00edm druhem a barvou, a ka\u017ed\u00fd l\u00edste\u010dek je pe\u010dliv\u011b upravov\u00e1n arm\u00e1dou zahradn\u00edk\u016f. Krom\u011b fond\u00e1nov\u00e9ho prostranstv\u00ed u z\u00e1mku se zde nach\u00e1z\u00ed i oran\u017e\u00e9rie a velik\u00e9 mno\u017estv\u00ed tajn\u00fdch z\u00e1kout\u00ed s&nbsp;n\u00e1dhern\u00fdmi font\u00e1nami. Co je na parku zaj\u00edmav\u00e9 a ojedin\u011bl\u00e9 jsou dva pal\u00e1ce v&nbsp;zahrad\u00e1ch. Jedn\u00e1 se konkr\u00e9tn\u011b o Grand Trianon, postaven\u00fd jako letn\u00ed s\u00eddlo Ludv\u00edka XIV., a Petit Trianon, je\u017e postavil Ludv\u00edk XV. pro svou milenku, madame de Pompadour. Oba pal\u00e1ce jsou p\u0159\u00edstupn\u00e9 pouze v&nbsp;ur\u010dit\u00e9m obdob\u00ed roku. D\u00e1le se v&nbsp;parku nach\u00e1z\u00ed i Kr\u00e1lovnina vesni\u010dka, kterou si nechala postavit Marie Antoinettta jako m\u00edsto, kam by mohla ut\u00e9ct od n\u00e1ro\u010dn\u00fdch povinnost\u00ed. Nalezneme zde um\u011ble vystav\u011bnou vesni\u010dku, kde si se sv\u00fdmi d\u00e1mami kr\u00e1lovna hr\u00e1la na prostou d\u011bve\u010dku.\t&nbsp;                                                                                                                                                                                                                                                                                                                                                                                        4\/5 - (11 votes)        "},{"@context":"https:\/\/schema.org\/","@type":"BreadcrumbList","itemListElement":[{"@type":"ListItem","position":1,"name":"O jak\u00e9m m\u00edst\u011b je \u0159e\u010d?","item":"https:\/\/www.ostosest.cz\/o-jakem-miste-je-rec\/#breadcrumbitem"}]}]