[{"@context":"https:\/\/schema.org\/","@type":"Article","@id":"https:\/\/www.ostosest.cz\/neuklizite-radi\/#Article","mainEntityOfPage":"https:\/\/www.ostosest.cz\/neuklizite-radi\/","headline":"Neukl\u00edz\u00edte r\u00e1di?","name":"Neukl\u00edz\u00edte r\u00e1di?","description":"Jsou v na\u0161ich \u0159ad\u00e1ch ur\u010dit\u011b i tac\u00ed, kdo ukl\u00edzej\u00ed \u010dasto a r\u00e1di. Kdo zvl\u00e1dnou udr\u017eovat sv\u016fj domov a t\u0159eba i pracovi\u0161t\u011b vlastn\u00edmi silami v perfektn\u011b uklizen\u00e9m stavu, na jak\u00fd m\u016f\u017ee <a href=\"https:\/\/www.ostosest.cz\/neuklizite-radi\/\" class=\"btn btn-link continue-link\">P\u0159e\u010d\u00edst<\/a>","datePublished":"2020-02-10","dateModified":"2023-06-09","author":{"@type":"Person","@id":"https:\/\/www.ostosest.cz\/author\/#Person","name":"","url":"https:\/\/www.ostosest.cz\/author\/","identifier":1,"image":{"@type":"ImageObject","@id":"https:\/\/secure.gravatar.com\/avatar\/0c4621640b5c0734669aeb181ef77969b528487727344f28e734a206566ea0f1?s=96&d=mm&r=g","url":"https:\/\/secure.gravatar.com\/avatar\/0c4621640b5c0734669aeb181ef77969b528487727344f28e734a206566ea0f1?s=96&d=mm&r=g","height":96,"width":96}},"publisher":{"@type":"Organization","name":"ostosest.cz","logo":{"@type":"ImageObject","@id":"\/logo.png","url":"\/logo.png","width":600,"height":60}},"image":{"@type":"ImageObject","@id":"https:\/\/www.ostosest.cz\/wp-content\/uploads\/img_a375815_w4226_t1587454638.","url":"https:\/\/www.ostosest.cz\/wp-content\/uploads\/img_a375815_w4226_t1587454638.","height":0,"width":0},"url":"https:\/\/www.ostosest.cz\/neuklizite-radi\/","about":["Business"],"wordCount":388,"articleBody":"        Jsou v na\u0161ich \u0159ad\u00e1ch ur\u010dit\u011b i tac\u00ed, kdo ukl\u00edzej\u00ed \u010dasto a r\u00e1di. Kdo zvl\u00e1dnou udr\u017eovat sv\u016fj domov a t\u0159eba i pracovi\u0161t\u011b vlastn\u00edmi silami v perfektn\u011b uklizen\u00e9m stavu, na jak\u00fd m\u016f\u017ee b\u00fdt ka\u017ed\u00fd civilizovan\u00fd \u010dlov\u011bk hrd\u00fd. Ov\u0161em domn\u00edv\u00e1m se, \u017ee v\u011bt\u0161ina na\u0161inc\u016f takov\u00e1 nen\u00ed. Ba \u017ee je mnoh\u00fdm z n\u00e1s takov\u00e9 ukl\u00edzen\u00ed proti srsti. T\u0159eba proto, \u017ee to zab\u00edr\u00e1 moc \u010dasu, kter\u00fd vesm\u011bs nem\u00e1me, t\u0159eba proto, \u017ee jde o manu\u00e1ln\u00ed \u010dinnost, kter\u00e1 m\u016f\u017ee b\u00fdt i docela nam\u00e1hav\u00e1 a p\u0159itom je spole\u010densky ne zrovna nejcen\u011bn\u011bj\u0161\u00ed, t\u0159eba ale i proto, \u017ee n\u00e1s jednodu\u0161e nebav\u00ed d\u011blat n\u011bco, co p\u0159in\u00e1\u0161\u00ed jenom kr\u00e1tkodob\u00fd efekt, co se mus\u00ed opakovat do omrzen\u00ed a nikdy to nebere konce. Zkr\u00e1tka a dob\u0159e se net\u011b\u0161\u00ed \u00faklidov\u00e9 pr\u00e1ce v na\u0161\u00ed spole\u010dnosti \u017e\u00e1dn\u00e9 mimo\u0159\u00e1dn\u00e9 oblib\u011b. V\u011bt\u0161ina z n\u00e1s je odsouv\u00e1 na co nejpozd\u011bj\u0161\u00ed dobu nebo se sna\u017e\u00ed jim n\u011bjak vyhnout.  A pro\u010d bychom se ukl\u00edzen\u00ed vlastn\u011b nevyhnuli, \u017ee? Kdy\u017e n\u00e1s to nebav\u00ed, nebo na to nem\u00e1me \u010das \u010di energii, je tu p\u0159ece mo\u017enost nechat to na n\u011bkom jin\u00e9m. Lze si p\u0159ece jednodu\u0161e domluvit \u00faklid kancel\u00e1\u0159\u00ed Praha a d\u00e1l u\u017e se nemuset starat o nic. Proto\u017ee p\u0159enech\u00e1n\u00ed nepopul\u00e1rn\u00ed \u010dinnosti n\u011bkomu jin\u00e9mu je vlastn\u011b skv\u011bl\u00e1 v\u011bc. Profesion\u00e1lov\u00e9 za n\u00e1s uklid\u00ed, a to nejen zm\u00edn\u011bn\u00e9 kancel\u00e1\u0159e, n\u00fdbr\u017e t\u0159eba i dom\u00e1cnosti a firmy, mohou za n\u00e1s uklidit i spole\u010dn\u00e9 prostory \u010din\u017eovn\u00edch dom\u016f nebo zam\u00e9st sn\u00edh na chodn\u00edku, klidn\u011b zvl\u00e1dnou i gener\u00e1ln\u00ed \u00faklid nebo \u010dinnosti dost mo\u017en\u00e1 nejneobl\u00edben\u011bj\u0161\u00ed, jako je \u017eehlen\u00ed \u010di myt\u00ed oken. A\u0165 u\u017e se m\u00edsto vy\u017eaduj\u00edc\u00ed uklizen\u00ed nach\u00e1z\u00ed na Praze 4, 5, 6, 8, 9 a 10 nebo v okol\u00ed, t\u0159eba v Beroun\u011b a Bene\u0161ov\u011b, \u010dlov\u011bku tu ochotn\u011b uklid\u00ed. A to v kter\u00fdkoliv den, v\u0161edn\u00ed stejn\u011b jako sv\u00e1te\u010dn\u00ed. Ud\u011blaj\u00ed to, na co mnoz\u00ed z n\u00e1s nemaj\u00ed \u010das, energii nebo n\u00e1ladu.                                                                                                                                                                                                                                                                                                                                                                                           4\/5 - (8 votes)        "},{"@context":"https:\/\/schema.org\/","@type":"BreadcrumbList","itemListElement":[{"@type":"ListItem","position":1,"name":"Neukl\u00edz\u00edte r\u00e1di?","item":"https:\/\/www.ostosest.cz\/neuklizite-radi\/#breadcrumbitem"}]}]