[{"@context":"https:\/\/schema.org\/","@type":"Article","@id":"https:\/\/www.ostosest.cz\/mobil-v-rukach-deti\/#Article","mainEntityOfPage":"https:\/\/www.ostosest.cz\/mobil-v-rukach-deti\/","headline":"Mobil v ruk\u00e1ch d\u011bt\u00ed","name":"Mobil v ruk\u00e1ch d\u011bt\u00ed","description":"P\u0159ed 15 lety pou\u017e\u00edvali mobil dosp\u011bl\u00ed lid\u00e9 a st\u0159edo\u0161kol\u00e1ci, ale stalo se n\u011bco zaj\u00edmav\u00ed. Hranice, kdy p\u0159ich\u00e1z\u00ed poprv\u00e9 d\u00edt\u011b do kontaktu s mobilem se sn\u00ed\u017eila na \u00farove\u0148 2 let. V&nbsp;dne\u0161n\u00ed <a href=\"https:\/\/www.ostosest.cz\/mobil-v-rukach-deti\/\" class=\"btn btn-link continue-link\">P\u0159e\u010d\u00edst<\/a>","datePublished":"2020-01-05","dateModified":"2023-06-09","author":{"@type":"Person","@id":"https:\/\/www.ostosest.cz\/author\/#Person","name":"","url":"https:\/\/www.ostosest.cz\/author\/","identifier":1,"image":{"@type":"ImageObject","@id":"https:\/\/secure.gravatar.com\/avatar\/0c4621640b5c0734669aeb181ef77969b528487727344f28e734a206566ea0f1?s=96&d=mm&r=g","url":"https:\/\/secure.gravatar.com\/avatar\/0c4621640b5c0734669aeb181ef77969b528487727344f28e734a206566ea0f1?s=96&d=mm&r=g","height":96,"width":96}},"publisher":{"@type":"Organization","name":"ostosest.cz","logo":{"@type":"ImageObject","@id":"\/logo.png","url":"\/logo.png","width":600,"height":60}},"image":{"@type":"ImageObject","@id":"https:\/\/www.ostosest.cz\/wp-content\/uploads\/img_a366856_w4226_t1579416037.jpg","url":"https:\/\/www.ostosest.cz\/wp-content\/uploads\/img_a366856_w4226_t1579416037.jpg","height":0,"width":0},"url":"https:\/\/www.ostosest.cz\/mobil-v-rukach-deti\/","about":["Mobil"],"wordCount":945,"articleBody":"P\u0159ed 15 lety pou\u017e\u00edvali mobil dosp\u011bl\u00ed lid\u00e9 a st\u0159edo\u0161kol\u00e1ci, ale stalo se n\u011bco zaj\u00edmav\u00ed. Hranice, kdy p\u0159ich\u00e1z\u00ed poprv\u00e9 d\u00edt\u011b do kontaktu s mobilem se sn\u00ed\u017eila na \u00farove\u0148 2 let.V&nbsp;dne\u0161n\u00ed dob\u011b u\u017e m\u00e1 mobil v&nbsp;ruk\u00e1ch snad ka\u017ed\u00e9 mal\u00e9 d\u00edt\u011b, a vn\u00edm\u00e1m to jak z\u00e1sadn\u00ed probl\u00e9m, hlavn\u011b tedy kdy\u017e nejsou ur\u010deny jasn\u00fd hranice.Kdy se to ale vymyk\u00e1 z&nbsp;pod kontroly, \u017ee na\u0161e d\u00edt\u011b u\u017e nem\u016f\u017ee bez mobilu vydr\u017eet?\u017de se nedok\u00e1\u017ee samo zabavit, nebo j\u00edt von s kamar\u00e1dy?J\u00e1 sama jsem si vyzkou\u0161ela na vlastn\u00ed k\u016f\u017ei, jak m\u016f\u017ee b\u00fdt s\u00edla digit\u00e1ln\u00edho sv\u011bta pro d\u00edt\u011b nebezpe\u010dn\u00e1.Zn\u00e1te ten pocit, kdy\u017e m\u00e1te moc pr\u00e1ce a va\u0161e d\u00edt\u011b pr\u00e1v\u011b v&nbsp;t\u00e9 chv\u00edli vy\u017eaduje va\u0161i pozornost?Nebo p\u0159ijede za v\u00e1mi do pr\u00e1ce a vy m\u00e1te z\u00e1kazn\u00edka, nebo prost\u011b n\u011bco \u0159e\u0161\u00edte, a tedy na n\u011bho nem\u00e1te op\u011bt \u010das. Nejednodu\u0161\u00ed zp\u016fsob je mu d\u00e1t do ruky mobil, proto\u017ee v\u00edte, \u017ee se zabav\u00ed, zam\u011bstn\u00e1 a vy budete m\u00edt dostatek \u010dasu svou pr\u00e1ci dokon\u010dit a nebudete tam \u0161patn\u00fd pocit, \u017ee d\u00edt\u011b se nud\u00ed.Jenom\u017ee, kdy\u017e tak budeme d\u011blat po\u0159\u00e1d, to d\u00edt\u011b se nau\u010d\u00ed, \u017ee za prv\u00e9 na nej nem\u00e1me \u010das a za druh\u00e9, \u017ee pokud je na mobilu nikomu nep\u0159ek\u00e1\u017ei, a vypln\u00ed si tak svoji nudu. Digit\u00e1ln\u00ed doba je skv\u011bl\u00e1, ale m\u016f\u017ee se to vymknout s&nbsp;pod kontroly a d\u00edt\u011b je tedy vystaveno n\u011bkter\u00fdm z&nbsp;t\u011bchto rizik:Okrem samotn\u00ed z\u00e1vislosti, kter\u00e1 m\u016f\u017ee vzniknout, se d\u00edt\u011b st\u00e1v\u00e1 roztr\u017eit\u00fdm a nedok\u00e1\u017ee se soust\u0159edit na u\u010deni. Pokud m\u00e1 n\u011bjak\u00fd probl\u00e9m m\u016f\u017ee nastat chu\u0165 \u00faniku do digit\u00e1ln\u00edho sv\u011bta, tam kde je v\u0161echno leh\u010d\u00ed, hez\u010d\u00ed a jednodu\u0161\u00ed. D\u011bti, co vkuse l\u00edpnou na mobilu, m\u016f\u017eou m\u00edt tak\u00e9 zhor\u0161en\u00e9 zn\u00e1mky a projevy agrese, kdy\u017e k&nbsp;n\u011bmu nemaj\u00ed dostupnost. Tak\u00e9 si n\u00edm \u0159e\u0161\u00ed i svou vlastn\u00ed nejistotu a stud. P\u0159ich\u00e1z\u00ed o sv\u016fj d\u011btsk\u00fd sv\u011bt p\u0159\u00edli\u0161 brzy.&nbsp;T\u00edm p\u00e1dem se z&nbsp;toho m\u016f\u017ee vyvinout velmi siln\u00e1 z\u00e1vislost, a dokonce n\u011bkter\u00fd odbornici tvrd\u00ed, \u017ee je tak siln\u00e1 jako na kokaine. Toto si na\u0161e d\u011bti ale nezaslou\u017e\u00ed. &hellip; A pokud si to zanepr\u00e1zdn\u011bny rodi\u010de nev\u0161imnou, nast\u00e1v\u00e1 probl\u00e9m a p\u0159ich\u00e1zej\u00ed o to nejd\u016fle\u017eit\u011bj\u0161\u00ed &ndash; o komunikaci a \u010das s&nbsp;vlastn\u00edm d\u00edt\u011btem.U n\u00e1s doma, jsme tak\u00e9 \u010delili tomuto probl\u00e9mu, kdy\u017e u\u017e pr\u00e1ce se stala d\u016fle\u017eit\u011bj\u0161\u00ed jako \u010das na potomka a d\u00edt\u011b se nau\u010dilo odch\u00e1zet k&nbsp;mobilu \u010dast\u011bji jako by se m\u011blo pobavit b\u011b\u017en\u00fdm, snad v&nbsp;dne\u0161n\u00ed dob\u011b u\u017e nudn\u00fdm zp\u016fsobem, a to pou\u017e\u00edt fantasii. &nbsp;N\u011bjak se to vy\u0159e\u0161ilo a dce\u0159e se pokazil mobil. My jsme ji dali tla\u010d\u00edtkov\u00fd telefon a teprve pak jsme zbadali, co to s&nbsp;n\u00ed ud\u011blalo.Ty z\u00e1chvaty zlosti a hn\u011bvu v\u016f\u010di n\u00e1m, \u017ee jsme ji pokazili d\u011btstv\u00ed, a \u017ee bude p\u0159ed v\u0161emi vypadat jako chudera s&nbsp;tla\u010d\u00edtkov\u00fdm telefonem. A to m\u00e1 jenom 10 let. A co vlastn\u011b ona m\u00e1 te\u010f d\u011blat, kdy\u017e je tu nuda a s&nbsp;k\u00e1mo\u0161kou von nep\u016fjde, proto\u017ee v\u0161ichni maj\u00ed mobil a jenom ona ne&hellip;a tak d\u00e1le.J\u00e1 jsem z\u00edrala, \u010demu jsem ji vystavila, kdy\u017e jsem neur\u010dila hranice od kdy do kdy m\u016f\u017ee mobil pou\u017e\u00edvat.Tento stav trval asi 2 t\u00fddne a pak za\u010dalo vych\u00e1zet najevo, \u017ee nen\u00ed sama v&nbsp;t\u0159\u00edd\u011b, co m\u00e1 tla\u010d\u00edtkov\u00fd telefon, pro ten jist\u00fd d\u016fvod. Tento typ mobilu vyu\u017e\u00edv\u00e1 u\u017e 3 m\u011bs\u00edc a kdy\u017e jsme ji cht\u011bli dat u\u017e dotykov\u00fd za jist\u00fdch podm\u00ednek, tak n\u00e1m \u0159ekla, \u017ee u\u017e si na tenhle zvykla a nevad\u00ed jej. A to d\u00edt\u011b v\u00ed zase co je to nuda a jak ji vyplnit. V\u00ed se hr\u00e1t i sama, v\u00ed komunikovat s&nbsp;kamar\u00e1dy a rozum\u00ed, \u017ee kdy\u017e dost tak dost.My jsme si tak\u00e9 vzali z&nbsp;tohohle ponau\u010den\u00ed, \u017ee nem\u00edt st\u00e1le \u010das, se n\u00e1m m\u016f\u017ee vymst\u00edt. A tak\u00e9, \u017ee d\u011bti, a hlavn\u011b v&nbsp;tomhle v\u011bku, musej\u00ed m\u00edt jasn\u00ed hranice, nau\u010dit se trp\u011blivosti a m\u00edt ur\u010dit\u00e9 zodpov\u011bdnosti, no pot\u0159ebuji tak\u00e9 sv\u016fj prostor pro fantasii. Digit\u00e1ln\u00ed sv\u011bt u\u017e do jich \u017eivot\u016f pat\u0159\u00ed, ale nem\u011bl by se st\u00e1t jedin\u00fdm z\u00e1jmem.Za stav sv\u00e9ho d\u00edt\u011bte jsme zodpov\u011bdn\u00fd my rodi\u010de a n\u011bkdy to proste poka\u0161leme. No, pokud si to uv\u011bdom\u00edme v&nbsp;prav\u00fd \u010das, st\u00e1le se to d\u00e1 nasm\u011brovat spr\u00e1vn\u00fdm sm\u011brem.Proto mobil ano, hry ano, internet ano, ale s&nbsp;nastav\u011bn\u00fdmi hranicemi. Konec konc\u016f n\u00e1m mobil uleh\u010duje mnoh\u00e9, ale m\u011bli bychom ho br\u00e1t sp\u00ed\u0161e jako na\u0161eho pomocn\u00edka, ne jako na\u0161eho zam\u011bstnavatele voln\u00edho \u010dasu.&nbsp;                                                                                                                                                                                                                                                                                                                                                                                        4.4\/5 - (8 votes)        "},{"@context":"https:\/\/schema.org\/","@type":"BreadcrumbList","itemListElement":[{"@type":"ListItem","position":1,"name":"Mobil v ruk\u00e1ch d\u011bt\u00ed","item":"https:\/\/www.ostosest.cz\/mobil-v-rukach-deti\/#breadcrumbitem"}]}]