[{"@context":"https:\/\/schema.org\/","@type":"Article","@id":"https:\/\/www.ostosest.cz\/mobil-pro-seniory\/#Article","mainEntityOfPage":"https:\/\/www.ostosest.cz\/mobil-pro-seniory\/","headline":"Mobil pro seniory","name":"Mobil pro seniory","description":"J\u00e1 osobn\u011b u\u017e beru mobiln\u00ed telefon jako n\u011bco, co je \u00fapln\u011b b\u011b\u017en\u00e9 a m\u00e1 ho \u00fapln\u011b ka\u017ed\u00fd \u010dlov\u011bk. Nebo vy zn\u00e1te je\u0161t\u011b n\u011bkoho, kdo nem\u00e1 v\u016fbec mobiln\u00ed telefon? J\u00e1 sice <a href=\"https:\/\/www.ostosest.cz\/mobil-pro-seniory\/\" class=\"btn btn-link continue-link\">P\u0159e\u010d\u00edst<\/a>","datePublished":"2022-07-27","dateModified":"2023-06-09","author":{"@type":"Person","@id":"https:\/\/www.ostosest.cz\/author\/#Person","name":"","url":"https:\/\/www.ostosest.cz\/author\/","identifier":1,"image":{"@type":"ImageObject","@id":"https:\/\/secure.gravatar.com\/avatar\/0c4621640b5c0734669aeb181ef77969b528487727344f28e734a206566ea0f1?s=96&d=mm&r=g","url":"https:\/\/secure.gravatar.com\/avatar\/0c4621640b5c0734669aeb181ef77969b528487727344f28e734a206566ea0f1?s=96&d=mm&r=g","height":96,"width":96}},"publisher":{"@type":"Organization","name":"ostosest.cz","logo":{"@type":"ImageObject","@id":"\/logo.png","url":"\/logo.png","width":600,"height":60}},"image":{"@type":"ImageObject","@id":"https:\/\/www.ostosest.cz\/wp-content\/uploads\/iphone-410311_960_720_2.jpg","url":"https:\/\/www.ostosest.cz\/wp-content\/uploads\/iphone-410311_960_720_2.jpg","height":0,"width":0},"url":"https:\/\/www.ostosest.cz\/mobil-pro-seniory\/","about":["Mobil"],"wordCount":389,"articleBody":"J\u00e1 osobn\u011b u\u017e beru mobiln\u00ed telefon jako n\u011bco, co je \u00fapln\u011b b\u011b\u017en\u00e9 a m\u00e1 ho \u00fapln\u011b ka\u017ed\u00fd \u010dlov\u011bk. Nebo vy zn\u00e1te je\u0161t\u011b n\u011bkoho, kdo nem\u00e1 v\u016fbec mobiln\u00ed telefon? J\u00e1 sice ano, a to t\u0159eba moji prarodi\u010de. Nap\u0159\u00edklad moje babi\u010dka a d\u011bde\u010dek v\u016fbec nemaj\u00ed mobiln\u00ed telefon. I kdy\u017e moje m\u00e1ma jim ho st\u00e1le chce po\u0159\u00eddit, ale oni v\u016fbec ho necht\u011bj\u00ed. Pr\u00fd \u0159\u00edkaj\u00ed, \u017ee se dok\u00e1\u017eou obej\u00edt i bez mobiln\u00edho telefonu a dal\u0161\u00ed modern\u00ed techniky. Tohle je sice velice chv\u00e1lyhodn\u00e9 a taky p\u011bkn\u00e9, ale je to zase velice nepraktick\u00e9. Pro\u010d nevyu\u017e\u00edvat techniku, jako nap\u0159\u00edklad mobiln\u00ed telefon, kdy\u017e je to po ruce a je to taky finan\u010dn\u011b dostupn\u00e9? Nav\u00edc moje m\u00e1ma \u0159ekla, \u017ee jim n\u011bjak\u00fd mobil do tis\u00edcovky koup\u00ed.A mysl\u00edm si, \u017ee v dne\u0161n\u00ed dob\u011b koupit mobil za tis\u00edcovku je opravdu perfektn\u00ed. Opravdu i za takhle m\u00e1lo pen\u011bz se\u017eenete kvalitn\u00ed mobiln\u00ed telefon, kter\u00fdm budete taky fotit. Jenom\u017ee moji prarodi\u010de \u0159\u00edkaj\u00ed, \u017ee by s mobiln\u00edm telefonem neum\u011bli zach\u00e1zet. A j\u00e1 si mysl\u00edm, \u017ee pr\u00e1v\u011b tady je k\u00e1men \u00farazu. Prarodi\u010de se boj\u00ed, \u017ee nebudou um\u011bt zach\u00e1zet s mobiln\u00edm telefonem, tak\u017ee ho ani nebudou cht\u00edt anebo se mo\u017en\u00e1 za to dokonce i styd\u00ed. Tak jsem babi\u010dce a d\u011bdovi \u0159ekla, \u017ee je nau\u010d\u00edm zach\u00e1zet s mobiln\u00edm telefonem, aby um\u011bli v\u0161echno, co budou pot\u0159ebovat.Sta\u010d\u00ed, kdy\u017e je nau\u010d\u00edm jenom zvedat mobiln\u00ed telefon, pokl\u00e1dat mobiln\u00ed telefon anebo vyto\u010dit \u010d\u00edslo. Podle m\u00e9ho n\u00e1zoru je mobiln\u00ed telefon u\u017e taky d\u016fle\u017eit\u00fd pro seniory v tomhle ohledu, \u017ee kdy\u017e ho budou m\u00edt st\u00e1le u sebe, tak si m\u016f\u017eou kdykoliv zavolat taky sanitku anebo jakoukoliv pomoc. V dne\u0161n\u00ed dob\u011b je to velice pohodln\u00e9, tak\u017ee kdy\u017e nap\u0159\u00edklad m\u00e1 n\u011bkdo u sebe mobiln\u00ed telefon a spadne nebo pot\u0159ebuje rychlou pomoc, tak se samoz\u0159ejm\u011b mobiln\u00edm telefonem rychle zavol\u00e1 pomoct, kterou pot\u0159ebuje. No \u0159ekn\u011bte mi nen\u00ed pln\u00ed telefonu praktick\u00fd a taky pohodln\u00fd? Zn\u00e1m plno lid\u00ed, co na mobil ned\u00e1 v\u016fbec dopustit.                                                                                                                                                                                                                                                                                                                                                                                        4.2\/5 - (10 votes)        "},{"@context":"https:\/\/schema.org\/","@type":"BreadcrumbList","itemListElement":[{"@type":"ListItem","position":1,"name":"Mobil pro seniory","item":"https:\/\/www.ostosest.cz\/mobil-pro-seniory\/#breadcrumbitem"}]}]