[{"@context":"https:\/\/schema.org\/","@type":"Article","@id":"https:\/\/www.ostosest.cz\/kdyz-se-rekne-orechovka\/#Article","mainEntityOfPage":"https:\/\/www.ostosest.cz\/kdyz-se-rekne-orechovka\/","headline":"Kdy\u017e se \u0159ekne o\u0159echovka.","name":"Kdy\u017e se \u0159ekne o\u0159echovka.","description":"Kdy\u017e se \u0159ekne o\u0159echovka. Ka\u017ed\u00fd si m\u016f\u017ee p\u0159edstavit n\u011bco zcela jin\u00e9ho, oboj\u00ed k sob\u011b ov\u0161em v\u00e1\u017ee jedna charakteristika a to, \u017ee je to n\u011bco v\u00fdjime\u010dn\u00e9ho. Ano. \u010c\u00e1st z v\u00e1s si <a href=\"https:\/\/www.ostosest.cz\/kdyz-se-rekne-orechovka\/\" class=\"btn btn-link continue-link\">P\u0159e\u010d\u00edst<\/a>","datePublished":"2022-02-28","dateModified":"2023-06-09","author":{"@type":"Person","@id":"https:\/\/www.ostosest.cz\/author\/#Person","name":"","url":"https:\/\/www.ostosest.cz\/author\/","identifier":1,"image":{"@type":"ImageObject","@id":"https:\/\/secure.gravatar.com\/avatar\/0c4621640b5c0734669aeb181ef77969b528487727344f28e734a206566ea0f1?s=96&d=mm&r=g","url":"https:\/\/secure.gravatar.com\/avatar\/0c4621640b5c0734669aeb181ef77969b528487727344f28e734a206566ea0f1?s=96&d=mm&r=g","height":96,"width":96}},"publisher":{"@type":"Organization","name":"ostosest.cz","logo":{"@type":"ImageObject","@id":"\/logo.png","url":"\/logo.png","width":600,"height":60}},"image":{"@type":"ImageObject","@id":"https:\/\/www.ostosest.cz\/wp-content\/uploads\/walnut-ga8c3af8e3_640.jpg","url":"https:\/\/www.ostosest.cz\/wp-content\/uploads\/walnut-ga8c3af8e3_640.jpg","height":0,"width":0},"url":"https:\/\/www.ostosest.cz\/kdyz-se-rekne-orechovka\/","about":["N\u00e1kupy"],"wordCount":423,"articleBody":"   Kdy\u017e se \u0159ekne o\u0159echovka. Ka\u017ed\u00fd si m\u016f\u017ee p\u0159edstavit n\u011bco zcela jin\u00e9ho, oboj\u00ed k sob\u011b ov\u0161em v\u00e1\u017ee jedna charakteristika a to, \u017ee je to n\u011bco v\u00fdjime\u010dn\u00e9ho. Ano. \u010c\u00e1st z v\u00e1s si prost\u011b vybav\u00ed luxusn\u00ed a zn\u00e1m\u00e9 vily v nejzn\u00e1m\u011bj\u0161\u00ed a p\u0159itom nejdra\u017e\u0161\u00ed pra\u017esk\u00e9 \u010dtvrti O\u0159echovce. O\u0159echovka je sou\u010d\u00e1st\u00ed pra\u017esk\u00fdch St\u0159e\u0161ovic a vznikla jako zahradn\u00ed vilov\u00e1 \u010dtvr\u0165 inspirovan\u00e1 anglick\u00fdmi trendy sv\u00e9 doby. Adresa O\u0159echovky sama o sob\u011b d\u00e1v\u00e1 prost\u011b punc vkusu a movitosti jej\u00edch obyvatel. Vily zde stav\u011bli v\u00fdzna\u010dn\u00ed architekti modle modern\u00edch projekt\u016f.Ale to nen\u00ed jedin\u00e1 o\u0159echovka. Druh\u00e1 o\u0159echovka, tak\u00e9 naprosto v\u00fdjime\u010dn\u00e1 je druhem n\u00e1poje. A to n\u00e1pojem alkoholick\u00fdm. Je to lik\u00e9r, kter\u00fd, jak u\u017e n\u00e1zev napov\u00edd\u00e1, bude m\u00edt n\u011bco spole\u010dn\u00e9ho s o\u0159echy. Pokud byste cht\u011bli h\u00e1dat s jak\u00fdmi o\u0159echy, tak zaru\u010den\u011b to nejsou ledasjak\u00e9 bur\u00e1ky, nebo l\u00edskov\u00e9 o\u0159\u00ed\u0161ky. Vyr\u00e1b\u00ed se z vla\u0161sk\u00fdch o\u0159ech\u016f. Je to strom, kter\u00fd plod\u00ed kr\u00e1sn\u00e9 velik\u00e9 o\u0159echy, je u n\u00e1s prost\u011b doma a je to kr\u00e1l mezi stromy sv\u00e9ho druhu.O\u0159echy na o\u0159echovku se nenech\u00e1vaj\u00ed \u00fapln\u011b dozr\u00e1t, pou\u017e\u00edvaj\u00ed se nedozr\u00e1l\u00e9, takov\u00e9, kter\u00e9 maj\u00ed je\u0161t\u011b tu spr\u00e1vn\u011b ho\u0159kou chu\u0165, kter\u00e1 d\u011bl\u00e1 pr\u00e1v\u011b o\u0159echovku t\u00edm v\u00fdjime\u010dn\u00fdm o\u0159echov\u00fdm lik\u00e9rem. S p\u0159\u00edsadami bylin a s pou\u017eit\u00edm zaru\u010den\u00fdch technologi\u00ed p\u0159i odborn\u00e9m zpracov\u00e1n\u00ed vznik\u00e1 ta nejlep\u0161\u00ed o\u0159echovka, kter\u00e1 nejen pot\u011b\u0161\u00ed, chutn\u00e1 a navozuje p\u0159\u00edjemnou atmosf\u00e9ru, ale je vlastn\u011b je\u0161t\u011b zdrav\u00e1.O\u0159echovka je lik\u00e9r ho\u0159kosladk\u00e9 chuti, s kr\u00e1snou v\u016fn\u00ed vla\u0161sk\u00fdch o\u0159ech\u016f, kter\u00e9 se macerovaly v n\u00e1levu lihu a bylinek b\u011bhem v\u00fdroby. M\u00e1 tmav\u011b hn\u011bdou barvu a je opravdu nezam\u011bniteln\u00fdm lik\u00e9rem s jedine\u010dnou chut\u00ed. V na\u0161ich kon\u010din\u00e1ch se jedn\u00e1 dokonce o jeden z nejobl\u00edben\u011bj\u0161\u00edch a nej\u017e\u00e1dan\u011bj\u0161\u00edch druh\u016f lik\u00e9r\u016f.Tak se poj\u010fme pod\u00edvat do Lihov\u00e1rku, jak\u00e9 o\u0159echovky n\u00e1m p\u0159ipravili, poj\u010fme si o jednotliv\u00fdch o\u0159echovk\u00e1ch zjistit n\u011bco v\u00edce a vybrat pro n\u00e1s tu zaru\u010den\u011b pravou. Je opravdu z \u010deho vyb\u00edrat.                                                                                                                                                                                                                                                                                                                                                                                          3.6\/5 - (12 votes)        "},{"@context":"https:\/\/schema.org\/","@type":"BreadcrumbList","itemListElement":[{"@type":"ListItem","position":1,"name":"Kdy\u017e se \u0159ekne o\u0159echovka.","item":"https:\/\/www.ostosest.cz\/kdyz-se-rekne-orechovka\/#breadcrumbitem"}]}]